{"id":399,"date":"2025-07-02T06:56:13","date_gmt":"2025-07-02T05:56:13","guid":{"rendered":"https:\/\/lakilu.ch\/?p=399"},"modified":"2025-07-02T06:57:40","modified_gmt":"2025-07-02T05:57:40","slug":"sommerferien-2025","status":"publish","type":"post","link":"https:\/\/lakilu.ch\/?p=399","title":{"rendered":"Sommerferien 2025"},"content":{"rendered":"\n<figure class=\"wp-block-image size-full\"><img loading=\"lazy\" decoding=\"async\" width=\"874\" height=\"562\" src=\"https:\/\/lakilu.ch\/wp-content\/uploads\/2025\/07\/Screenshot_20250702_073811_Chrome.jpg\" alt=\"\" class=\"wp-image-400\" srcset=\"https:\/\/lakilu.ch\/wp-content\/uploads\/2025\/07\/Screenshot_20250702_073811_Chrome.jpg 874w, https:\/\/lakilu.ch\/wp-content\/uploads\/2025\/07\/Screenshot_20250702_073811_Chrome-300x193.jpg 300w, https:\/\/lakilu.ch\/wp-content\/uploads\/2025\/07\/Screenshot_20250702_073811_Chrome-768x494.jpg 768w\" sizes=\"auto, (max-width: 709px) 85vw, (max-width: 909px) 67vw, (max-width: 1362px) 62vw, 840px\" \/><\/figure>\n\n\n\n<p>wir machen Sommerferien. Das Lakilu bleibt geschlossen ab sofort 5.Juli bis 9.Aug.<\/p>\n\n\n\n<p>Am Samstag 9.August haben wir wieder zu den gewohnten \u00d6ffnungszeiten ge\u00f6ffnet von 9.00 &#8211; 12.00 Uhr.<\/p>\n\n\n\n<p>Sonnige Gr\u00fcsse Euer Lakilu-Team<\/p>\n\n\n\n<p><\/p>\n","protected":false},"excerpt":{"rendered":"<p>wir machen Sommerferien. Das Lakilu bleibt geschlossen ab sofort 5.Juli bis 9.Aug. Am Samstag 9.August haben wir wieder zu den gewohnten \u00d6ffnungszeiten ge\u00f6ffnet von 9.00 &#8211; 12.00 Uhr. Sonnige Gr\u00fcsse Euer Lakilu-Team<\/p>\n","protected":false},"author":1,"featured_media":0,"comment_status":"closed","ping_status":"closed","sticky":false,"template":"","format":"standard","meta":{"footnotes":""},"categories":[1],"tags":[],"class_list":["post-399","post","type-post","status-publish","format-standard","hentry","category-uncategorized"],"_links":{"self":[{"href":"https:\/\/lakilu.ch\/index.php?rest_route=\/wp\/v2\/posts\/399","targetHints":{"allow":["GET"]}}],"collection":[{"href":"https:\/\/lakilu.ch\/index.php?rest_route=\/wp\/v2\/posts"}],"about":[{"href":"https:\/\/lakilu.ch\/index.php?rest_route=\/wp\/v2\/types\/post"}],"author":[{"embeddable":true,"href":"https:\/\/lakilu.ch\/index.php?rest_route=\/wp\/v2\/users\/1"}],"replies":[{"embeddable":true,"href":"https:\/\/lakilu.ch\/index.php?rest_route=%2Fwp%2Fv2%2Fcomments&post=399"}],"version-history":[{"count":3,"href":"https:\/\/lakilu.ch\/index.php?rest_route=\/wp\/v2\/posts\/399\/revisions"}],"predecessor-version":[{"id":403,"href":"https:\/\/lakilu.ch\/index.php?rest_route=\/wp\/v2\/posts\/399\/revisions\/403"}],"wp:attachment":[{"href":"https:\/\/lakilu.ch\/index.php?rest_route=%2Fwp%2Fv2%2Fmedia&parent=399"}],"wp:term":[{"taxonomy":"category","embeddable":true,"href":"https:\/\/lakilu.ch\/index.php?rest_route=%2Fwp%2Fv2%2Fcategories&post=399"},{"taxonomy":"post_tag","embeddable":true,"href":"https:\/\/lakilu.ch\/index.php?rest_route=%2Fwp%2Fv2%2Ftags&post=399"}],"curies":[{"name":"wp","href":"https:\/\/api.w.org\/{rel}","templated":true}]}}